{"id":2604,"date":"2019-03-26T10:05:22","date_gmt":"2019-03-26T09:05:22","guid":{"rendered":"https:\/\/www.mado.de\/premier-coup-de-beche-a-dornhan\/"},"modified":"2019-07-02T15:04:26","modified_gmt":"2019-07-02T13:04:26","slug":"premier-coup-de-beche-a-dornhan","status":"publish","type":"post","link":"https:\/\/www.mado.de\/fr\/premier-coup-de-beche-a-dornhan\/","title":{"rendered":"Premier coup de b\u00eache \u00e0 Dornhan"},"content":{"rendered":"<p>[et_pb_section bb_built=\u00a0\u00bb1&Prime; _builder_version=\u00a0\u00bb3.0.47&Prime; custom_padding=\u00a0\u00bb0|0px|54px|0px|false|false\u00a0\u00bb][et_pb_row _builder_version=\u00a0\u00bb3.0.48&Prime; background_size=\u00a0\u00bbinitial\u00a0\u00bb background_position=\u00a0\u00bbtop_left\u00a0\u00bb background_repeat=\u00a0\u00bbrepeat\u00a0\u00bb][et_pb_column type=\u00a0\u00bb4_4&Prime;][et_pb_post_title meta=\u00a0\u00bboff\u00a0\u00bb date_format=\u00a0\u00bbd M Y\u00a0\u00bb featured_image=\u00a0\u00bboff\u00a0\u00bb _builder_version=\u00a0\u00bb3.21.1&Prime; z_index_tablet=\u00a0\u00bb500&Prime;]<\/p>\n<p><\/p>\n<p>[\/et_pb_post_title][\/et_pb_column][\/et_pb_row][et_pb_row _builder_version=\u00a0\u00bb3.0.48&Prime; background_size=\u00a0\u00bbinitial\u00a0\u00bb background_position=\u00a0\u00bbtop_left\u00a0\u00bb background_repeat=\u00a0\u00bbrepeat\u00a0\u00bb][et_pb_column type=\u00a0\u00bb1_2&Prime;][et_pb_text _builder_version=\u00a0\u00bb3.21.1&Prime; z_index_tablet=\u00a0\u00bb500&Prime;]<\/p>\n<p>MADO construit de nouveau b\u00e2timent de bureaux et halle de production<\/p>\n<hr class=\"clearer\" \/>\n<ul>\n<li>Nouvelle halle de production avec ca. 1.500 M2.<\/li>\n<li>Nouveau b\u00e2timent de bureaux avec ca. 900 M2.<\/li>\n<li>Plus d&rsquo;espace pour les investissements &#8211; nouvelle construction pour la fabrication et le montage.<\/li>\n<li>Nouveau parc de machines.<\/li>\n<li>Confirmation du si\u00e8ge de Dornhan\/Schwarzwald: Investissements pour 2,5 millions d&rsquo;Euro en b\u00e2timents et parc de machines.<\/li>\n<\/ul>\n<p>[\/et_pb_text][et_pb_text _builder_version=\u00a0\u00bb3.21.1&Prime; z_index_tablet=\u00a0\u00bb500&Prime;]<\/p>\n<p>Trois ans d\u00e9j\u00e0&#8230;.C&rsquo;\u00e9tait il y a trois ans, 1er juillet 2012, que la famille H\u00f6ning, entrepreneurs de Greven\/Westfalen, a repris MADO.<\/p>\n<p>A l&rsquo;occasion de ce jubil\u00e9, le 1er juillet 2015, sous un soleil estival, \u00e0 cot\u00e9 des halles existants, a \u00e9t\u00e9 donn\u00e9 le premier coup de b\u00eache officiel pour un nouveau hall et un b\u00e2timent de bureaux.<\/p>\n<p>Le nouveau b\u00e2timent de bureaux sera construit en briques verniss\u00e9es sombres, dans le style de construction du nord de l&rsquo;Allemagne.<\/p>\n<p>[\/et_pb_text][et_pb_text _builder_version=\u00a0\u00bb3.21.1&Prime; z_index_tablet=\u00a0\u00bb500&Prime;]<\/p>\n<p>Les premiers travaux du projet de constrcution ont d\u00e9but\u00e9 en juin 2015. L&rsquo;ach\u00e8vement des travaux est pr\u00e9vu pour l&rsquo;\u00e9t\u00e9 2016. Avec cette nouvelle tranche de b\u00e2timent, MADO investit dans le futur, renforce le si\u00e8ge de Dornhan et sera en mesure de r\u00e9pondre \u00e0 la demande croissante dans le domaine des machines pour le travail des produits alimentaires.<\/p>\n<p>C&rsquo;est d\u00e8s le d\u00e9but de la reprise que la famille H\u00f6ning s&rsquo;\u00e9tait fix\u00e9 comme but d&rsquo;\u00e9tendre le si\u00e8ge de Dornhan. Depuis des d\u00e9cennies, Ludger, Christian et Sebastian H\u00f6ning se sont sp\u00e9cialis\u00e9s, avec VAKONA \u00e0 Lienen en Westphalie, dans la fabrication et la diffusion de machines pour les produits alimentaires (barattes, injecteurs) pour les professionnels de la viande, particuli\u00e8rement dans le domaine de la restauration collective. Avec la reprise de MADO, sp\u00e9cialis\u00e9 dans les domaines de l&rsquo;industrie de la viande et des produits alimentaires, il est maintenant possible de r\u00e9pondre et d&rsquo;apporter des solutions \u00e0 toutes les questions (Cutter, hachoirs, scies \u00e0 ruban, aff\u00fbteuses, syst\u00e8me \u00e0 portionner).<\/p>\n<p>[\/et_pb_text][\/et_pb_column][et_pb_column type=\u00a0\u00bb1_2&Prime;][et_pb_post_title title=\u00a0\u00bboff\u00a0\u00bb meta=\u00a0\u00bboff\u00a0\u00bb date_format=\u00a0\u00bbd M Y\u00a0\u00bb _builder_version=\u00a0\u00bb3.19.10&Prime;]<\/p>\n<p><\/p>\n<p>[\/et_pb_post_title][et_pb_text _builder_version=\u00a0\u00bb3.21.1&Prime; z_index_tablet=\u00a0\u00bb500&Prime;]<\/p>\n<p style=\"font-size: 12px;\">(Bild von links): Bernd Heinzelmann, K\u00e4mmerer der Stadt Dornhan, die MADO Gesch\u00e4ftsf\u00fchrer Christian, Sebastian und Ludger H\u00f6ning (mit Familie) , der Dornhaner B\u00fcrgermeister Markus Huber, Betriebsratsvorsitzende Inge M\u00fcller<br \/>Foto: MADO<\/p>\n<p>[\/et_pb_text][\/et_pb_column][\/et_pb_row][\/et_pb_section]<\/p>\n","protected":false},"excerpt":{"rendered":"<p>MADO construit de nouveau b\u00e2timent de bureaux et halle de production Nouvelle halle de production avec ca. 1.500 M2. Nouveau b\u00e2timent de bureaux avec ca. 900 M2. Plus d&rsquo;espace pour les investissements &#8211; nouvelle construction pour la fabrication et le montage. Nouveau parc de machines. Confirmation du si\u00e8ge de Dornhan\/Schwarzwald: Investissements pour 2,5 millions d&rsquo;Euro [&hellip;]<\/p>\n","protected":false},"author":3,"featured_media":2593,"comment_status":"closed","ping_status":"closed","sticky":false,"template":"","format":"standard","meta":{"_et_pb_use_builder":"on","_et_pb_old_content":"","_et_gb_content_width":"","_expiration-date-status":"","_expiration-date":0,"_expiration-date-type":"","_expiration-date-categories":[],"_expiration-date-options":[]},"categories":[45,12],"tags":[],"acf":[],"_links":{"self":[{"href":"https:\/\/www.mado.de\/fr\/wp-json\/wp\/v2\/posts\/2604"}],"collection":[{"href":"https:\/\/www.mado.de\/fr\/wp-json\/wp\/v2\/posts"}],"about":[{"href":"https:\/\/www.mado.de\/fr\/wp-json\/wp\/v2\/types\/post"}],"author":[{"embeddable":true,"href":"https:\/\/www.mado.de\/fr\/wp-json\/wp\/v2\/users\/3"}],"replies":[{"embeddable":true,"href":"https:\/\/www.mado.de\/fr\/wp-json\/wp\/v2\/comments?post=2604"}],"version-history":[{"count":10,"href":"https:\/\/www.mado.de\/fr\/wp-json\/wp\/v2\/posts\/2604\/revisions"}],"predecessor-version":[{"id":5237,"href":"https:\/\/www.mado.de\/fr\/wp-json\/wp\/v2\/posts\/2604\/revisions\/5237"}],"wp:featuredmedia":[{"embeddable":true,"href":"https:\/\/www.mado.de\/fr\/wp-json\/wp\/v2\/media\/2593"}],"wp:attachment":[{"href":"https:\/\/www.mado.de\/fr\/wp-json\/wp\/v2\/media?parent=2604"}],"wp:term":[{"taxonomy":"category","embeddable":true,"href":"https:\/\/www.mado.de\/fr\/wp-json\/wp\/v2\/categories?post=2604"},{"taxonomy":"post_tag","embeddable":true,"href":"https:\/\/www.mado.de\/fr\/wp-json\/wp\/v2\/tags?post=2604"}],"curies":[{"name":"wp","href":"https:\/\/api.w.org\/{rel}","templated":true}]}}